{"id":1138,"date":"2026-04-28T17:30:23","date_gmt":"2026-04-28T17:30:23","guid":{"rendered":"https:\/\/tribunedumbam.com\/?p=1138"},"modified":"2026-04-28T17:30:24","modified_gmt":"2026-04-28T17:30:24","slug":"cameroun-franck-emmanuel-biya-a-t-il-vraiment-la-chance-detre-nomme-vice-president","status":"publish","type":"post","link":"https:\/\/tribunedumbam.com\/?p=1138","title":{"rendered":"Cameroun: Franck Emmanuel Biya a t-il vraiment la chance d&#8217;\u00eatre nomm\u00e9 Vice-pr\u00e9sident ?"},"content":{"rendered":"\n<figure class=\"wp-block-gallery has-nested-images columns-default is-cropped wp-block-gallery-1 is-layout-flex wp-block-gallery-is-layout-flex\">\n<figure class=\"wp-block-image size-large\"><img fetchpriority=\"high\" decoding=\"async\" width=\"451\" height=\"450\" data-id=\"1144\" src=\"https:\/\/tribunedumbam.com\/wp-content\/uploads\/2026\/04\/IMG-20260428-WA0192.jpg\" alt=\"\" class=\"wp-image-1144\" srcset=\"https:\/\/tribunedumbam.com\/wp-content\/uploads\/2026\/04\/IMG-20260428-WA0192.jpg 451w, https:\/\/tribunedumbam.com\/wp-content\/uploads\/2026\/04\/IMG-20260428-WA0192-300x300.jpg 300w, https:\/\/tribunedumbam.com\/wp-content\/uploads\/2026\/04\/IMG-20260428-WA0192-150x150.jpg 150w\" sizes=\"(max-width: 451px) 100vw, 451px\" \/><\/figure>\n<\/figure>\n\n\n\n<p><br><font dir=\"auto\" style=\"vertical-align: inherit;\"><font dir=\"auto\" style=\"vertical-align: inherit;\">C&#8217;est une question qui br\u00fble les l\u00e8vres depuis l&#8217;adoption et la promulgation de la nouvelle constitution qui consacre le poste de Vice \u2013 pr\u00e9sident dans la haute sph\u00e8re administrative du pays. Entre sp\u00e9culations et rumeurs, des sources diverses et concordantes indiquent que, sur la liste des potentiels pr\u00e9tendants qui sont pressentis \u00e0 assumer ce poste de responsabilit\u00e9, le nom de Franck Emmanuel Olivier Biya revient avec instance. Discret dans sa posture du fils a\u00een\u00e9 du Chef de l&#8217;\u00c9tat, celui-ci qui reste loin des cam\u00e9ras ou des d\u00e9bats n&#8217;a jamais donn\u00e9 une communication officielle \u00e0 ce sujet, Cependant, certains facteurs pourraient jouer en sa faveur pour \u00eatre l&#8217;homme qui phase redonner le sourire \u00e0 ses compatriotes. <\/font><\/font><br><font dir=\"auto\" style=\"vertical-align: inherit;\"><font dir=\"auto\" style=\"vertical-align: inherit;\">Sa jeunesse, son exp\u00e9rience dans le monde du business et son sens d&#8217;\u00e9coute font sont entre autres \u00e9l\u00e9ments qui incitent des jeunes qui se recrutent au sein de divers mouvements \u00e1 souhaiter que Franck soit celui-l\u00e0 qui doit occuper le poste de Vice \u2013 pr\u00e9sident. Par ailleurs, le fils a\u00een\u00e9 du locataire d&#8217;Etoudi qui, jusqu&#8217;\u00e0 ce jour, occupe le poste de Conseiller \u00e0 la Pr\u00e9sidence de la R\u00e9publique conduit des missions officielles \u00e0 l&#8217;ext\u00e9rieur du pays, mais prof\u00e8re rester loin des cam\u00e9ras. Ainsi, face au syst\u00e8me de gouvernance qui ne favorise pas le bien \u00eatre des Camerounais et l&#8217;inflation des produits de grande consommation, Franck Biya a, selon nos informations, \u00e9t\u00e9 interpell\u00e9 \u00e0 ce sujet par un compatriote. R\u00e9pondant \u00e0 ce dernier, le fils a\u00een\u00e9 du Pr\u00e9sident Paul Biya aurait mis en avant cinq points strat\u00e9giques de sa vision <\/font><\/font><br><font dir=\"auto\" style=\"vertical-align: inherit;\"><font dir=\"auto\" style=\"vertical-align: inherit;\">Voici en quelque sorte la question qu&#8217;\u00e0 pos\u00e9 ce jeun homme \u00e0 Franck, et r\u00e9ponse que son interlocuteur lui a \u00e9t\u00e9 transmis par le biais un certain Roger Ongoto, Porte parole des dirigeants de la F\u00e9d\u00e9ration des dirigeants franckistes du Cameroun. <\/font><\/font><br><font dir=\"auto\" style=\"vertical-align: inherit;\"><font dir=\"auto\" style=\"vertical-align: inherit;\">Bonjour Son Excellence, Franck Emmanuel Biya. Comment voyez-vous l&#8217;\u00e9tat actuel de la gouvernance de notre pays, et que promettez-vous aux camerounais pour am\u00e9liorer leurs conditions de vie ? <\/font><\/font><br><font dir=\"auto\" style=\"vertical-align: inherit;\"><font dir=\"auto\" style=\"vertical-align: inherit;\">Je vous remercie pour la question. D\u2019abord, je voudrais dire avec beaucoup de respect que la gouvernance de notre pays est un chantier permanent. Aujourd&#8217;hui, nous reconnaissons les efforts r\u00e9alis\u00e9s, mais nous restons lucides : la gestion peut et doit \u00eatre am\u00e9lior\u00e9e, et il reste encore beaucoup de choses \u00e0 faire pour produire davantage de r\u00e9sultats concrets. Pour les Camerounais, et particuli\u00e8rement pour la jeunesse, nos attentes sont claires : un impact r\u00e9el et visible sur les conditions de vie.<\/font><\/font><br><font dir=\"auto\" style=\"vertical-align: inherit;\"><font dir=\"auto\" style=\"vertical-align: inherit;\">Premi\u00e8rement, il faut acc\u00e9l\u00e9rer les investissements structurants, notamment les infrastructures :b\u00e2tir et r\u00e9habiliter des routes, car la route, c&#8217;est le d\u00e9veloppement-elle ouvre les march\u00e9s et favorise la croissance. Deuxi\u00e8mement, renforcer les \u00e9quipements techniques en sant\u00e9 et en \u00e9ducation. Les progr\u00e8s doivent se traduire par des h\u00f4pitaux mieux \u00e9quip\u00e9s et des \u00e9coles mieux outill\u00e9es. <\/font><\/font><br><font dir=\"auto\" style=\"vertical-align: inherit;\"><font dir=\"auto\" style=\"vertical-align: inherit;\">Troisi\u00e8me point, soutenir davantage l&#8217;agriculture et l&#8217;\u00e9levage : financer les projets, accompagner les producteurs et garantir un suivi technique rigoureux pour obtenir des r\u00e9sultats mesurables. En quatri\u00e8me position, pour la fonction publique, rendre l&#8217;administration plus efficace : recrutements massifs, audit du fichier des fonctionnaires, optimisation des effectifs et meilleure organisation pour r\u00e9pondre aux besoins r\u00e9els. Et encourager la cr\u00e9ation d&#8217;entreprises pour la production et l&#8217;emploi des jeunes. <\/font><\/font><br><font dir=\"auto\" style=\"vertical-align: inherit;\"><font dir=\"auto\" style=\"vertical-align: inherit;\">Cinqui\u00e8mement, avancer dans une logique diplomatique et pragmatique avec des accords gagnant-gagnant afin d&#8217;attirer les investisseurs et dynamiser l&#8217;\u00e9conomie. Enfin, sur la s\u00e9curit\u00e9, renforcer la s\u00e9curit\u00e9 nationale. Police, Gendarmerie et Arm\u00e9e par l&#8217;\u00e9quipement, la formation et le renforcement des capacit\u00e9s du personnel. <\/font><\/font><br><font dir=\"auto\" style=\"vertical-align: inherit;\"><font dir=\"auto\" style=\"vertical-align: inherit;\">La r\u00e9daction<\/font><\/font><\/p>\n","protected":false},"excerpt":{"rendered":"<p>C&#8217;est une question qui br\u00fble les l\u00e8vres depuis l&#8217;adoption et la promulgation de la nouvelle constitution qui consacre le poste de Vice \u2013 pr\u00e9sident dans la haute sph\u00e8re administrative du pays. Entre sp\u00e9culations et rumeurs, des sources diverses et concordantes indiquent que, sur la liste des potentiels pr\u00e9tendants qui sont pressentis \u00e0 assumer ce poste<\/p>\n","protected":false},"author":1,"featured_media":0,"comment_status":"open","ping_status":"open","sticky":false,"template":"","format":"standard","meta":{"footnotes":""},"categories":[1],"tags":[],"class_list":["post-1138","post","type-post","status-publish","format-standard","hentry","category-cameroun"],"yoast_head":"<!-- This site is optimized with the Yoast SEO plugin v25.5 - https:\/\/yoast.com\/wordpress\/plugins\/seo\/ -->\n<title>Cameroun: Franck Emmanuel Biya a t-il vraiment la chance d&#039;\u00eatre nomm\u00e9 Vice-pr\u00e9sident ? - Tribune du Mbam<\/title>\n<meta name=\"robots\" content=\"index, follow, max-snippet:-1, max-image-preview:large, max-video-preview:-1\" \/>\n<link rel=\"canonical\" href=\"https:\/\/tribunedumbam.com\/?p=1138\" \/>\n<meta property=\"og:locale\" content=\"en_US\" \/>\n<meta property=\"og:type\" content=\"article\" \/>\n<meta property=\"og:title\" content=\"Cameroun: Franck Emmanuel Biya a t-il vraiment la chance d&#039;\u00eatre nomm\u00e9 Vice-pr\u00e9sident ? - Tribune du Mbam\" \/>\n<meta property=\"og:description\" content=\"C&#8217;est une question qui br\u00fble les l\u00e8vres depuis l&#8217;adoption et la promulgation de la nouvelle constitution qui consacre le poste de Vice \u2013 pr\u00e9sident dans la haute sph\u00e8re administrative du pays. Entre sp\u00e9culations et rumeurs, des sources diverses et concordantes indiquent que, sur la liste des potentiels pr\u00e9tendants qui sont pressentis \u00e0 assumer ce poste\" \/>\n<meta property=\"og:url\" content=\"https:\/\/tribunedumbam.com\/?p=1138\" \/>\n<meta property=\"og:site_name\" content=\"Tribune du Mbam\" \/>\n<meta property=\"article:published_time\" content=\"2026-04-28T17:30:23+00:00\" \/>\n<meta property=\"article:modified_time\" content=\"2026-04-28T17:30:24+00:00\" \/>\n<meta property=\"og:image\" content=\"https:\/\/tribunedumbam.com\/wp-content\/uploads\/2026\/04\/IMG-20260428-WA0192.jpg\" \/>\n\t<meta property=\"og:image:width\" content=\"451\" \/>\n\t<meta property=\"og:image:height\" content=\"450\" \/>\n\t<meta property=\"og:image:type\" content=\"image\/jpeg\" \/>\n<meta name=\"author\" content=\"admin\" \/>\n<meta name=\"twitter:card\" content=\"summary_large_image\" \/>\n<meta name=\"twitter:label1\" content=\"Written by\" \/>\n\t<meta name=\"twitter:data1\" content=\"admin\" \/>\n\t<meta name=\"twitter:label2\" content=\"Est. reading time\" \/>\n\t<meta name=\"twitter:data2\" content=\"3 minutes\" \/>\n<script type=\"application\/ld+json\" class=\"yoast-schema-graph\">{\"@context\":\"https:\/\/schema.org\",\"@graph\":[{\"@type\":\"Article\",\"@id\":\"https:\/\/tribunedumbam.com\/?p=1138#article\",\"isPartOf\":{\"@id\":\"https:\/\/tribunedumbam.com\/?p=1138\"},\"author\":{\"name\":\"admin\",\"@id\":\"https:\/\/tribunedumbam.com\/#\/schema\/person\/c652b24abbab29cc36ac124801845aac\"},\"headline\":\"Cameroun: Franck Emmanuel Biya a t-il vraiment la chance d&#8217;\u00eatre nomm\u00e9 Vice-pr\u00e9sident ?\",\"datePublished\":\"2026-04-28T17:30:23+00:00\",\"dateModified\":\"2026-04-28T17:30:24+00:00\",\"mainEntityOfPage\":{\"@id\":\"https:\/\/tribunedumbam.com\/?p=1138\"},\"wordCount\":629,\"commentCount\":0,\"publisher\":{\"@id\":\"https:\/\/tribunedumbam.com\/#organization\"},\"image\":{\"@id\":\"https:\/\/tribunedumbam.com\/?p=1138#primaryimage\"},\"thumbnailUrl\":\"https:\/\/tribunedumbam.com\/wp-content\/uploads\/2026\/04\/IMG-20260428-WA0192.jpg\",\"articleSection\":[\"Cameroun\"],\"inLanguage\":\"en-US\",\"potentialAction\":[{\"@type\":\"CommentAction\",\"name\":\"Comment\",\"target\":[\"https:\/\/tribunedumbam.com\/?p=1138#respond\"]}]},{\"@type\":\"WebPage\",\"@id\":\"https:\/\/tribunedumbam.com\/?p=1138\",\"url\":\"https:\/\/tribunedumbam.com\/?p=1138\",\"name\":\"Cameroun: Franck Emmanuel Biya a t-il vraiment la chance d'\u00eatre nomm\u00e9 Vice-pr\u00e9sident ? - Tribune du Mbam\",\"isPartOf\":{\"@id\":\"https:\/\/tribunedumbam.com\/#website\"},\"primaryImageOfPage\":{\"@id\":\"https:\/\/tribunedumbam.com\/?p=1138#primaryimage\"},\"image\":{\"@id\":\"https:\/\/tribunedumbam.com\/?p=1138#primaryimage\"},\"thumbnailUrl\":\"https:\/\/tribunedumbam.com\/wp-content\/uploads\/2026\/04\/IMG-20260428-WA0192.jpg\",\"datePublished\":\"2026-04-28T17:30:23+00:00\",\"dateModified\":\"2026-04-28T17:30:24+00:00\",\"breadcrumb\":{\"@id\":\"https:\/\/tribunedumbam.com\/?p=1138#breadcrumb\"},\"inLanguage\":\"en-US\",\"potentialAction\":[{\"@type\":\"ReadAction\",\"target\":[\"https:\/\/tribunedumbam.com\/?p=1138\"]}]},{\"@type\":\"ImageObject\",\"inLanguage\":\"en-US\",\"@id\":\"https:\/\/tribunedumbam.com\/?p=1138#primaryimage\",\"url\":\"https:\/\/tribunedumbam.com\/wp-content\/uploads\/2026\/04\/IMG-20260428-WA0192.jpg\",\"contentUrl\":\"https:\/\/tribunedumbam.com\/wp-content\/uploads\/2026\/04\/IMG-20260428-WA0192.jpg\",\"width\":451,\"height\":450},{\"@type\":\"BreadcrumbList\",\"@id\":\"https:\/\/tribunedumbam.com\/?p=1138#breadcrumb\",\"itemListElement\":[{\"@type\":\"ListItem\",\"position\":1,\"name\":\"Home\",\"item\":\"https:\/\/tribunedumbam.com\/\"},{\"@type\":\"ListItem\",\"position\":2,\"name\":\"Cameroun: Franck Emmanuel Biya a t-il vraiment la chance d&#8217;\u00eatre nomm\u00e9 Vice-pr\u00e9sident ?\"}]},{\"@type\":\"WebSite\",\"@id\":\"https:\/\/tribunedumbam.com\/#website\",\"url\":\"https:\/\/tribunedumbam.com\/\",\"name\":\"Tribune du Mbam\",\"description\":\"\",\"publisher\":{\"@id\":\"https:\/\/tribunedumbam.com\/#organization\"},\"potentialAction\":[{\"@type\":\"SearchAction\",\"target\":{\"@type\":\"EntryPoint\",\"urlTemplate\":\"https:\/\/tribunedumbam.com\/?s={search_term_string}\"},\"query-input\":{\"@type\":\"PropertyValueSpecification\",\"valueRequired\":true,\"valueName\":\"search_term_string\"}}],\"inLanguage\":\"en-US\"},{\"@type\":\"Organization\",\"@id\":\"https:\/\/tribunedumbam.com\/#organization\",\"name\":\"Tribune du Mbam\",\"url\":\"https:\/\/tribunedumbam.com\/\",\"logo\":{\"@type\":\"ImageObject\",\"inLanguage\":\"en-US\",\"@id\":\"https:\/\/tribunedumbam.com\/#\/schema\/logo\/image\/\",\"url\":\"https:\/\/tribunedumbam.com\/wp-content\/uploads\/2025\/07\/cropped-cropped-cropped-logo-tribune-du-mbam.jpg\",\"contentUrl\":\"https:\/\/tribunedumbam.com\/wp-content\/uploads\/2025\/07\/cropped-cropped-cropped-logo-tribune-du-mbam.jpg\",\"width\":994,\"height\":811,\"caption\":\"Tribune du Mbam\"},\"image\":{\"@id\":\"https:\/\/tribunedumbam.com\/#\/schema\/logo\/image\/\"}},{\"@type\":\"Person\",\"@id\":\"https:\/\/tribunedumbam.com\/#\/schema\/person\/c652b24abbab29cc36ac124801845aac\",\"name\":\"admin\",\"image\":{\"@type\":\"ImageObject\",\"inLanguage\":\"en-US\",\"@id\":\"https:\/\/tribunedumbam.com\/#\/schema\/person\/image\/\",\"url\":\"https:\/\/secure.gravatar.com\/avatar\/e55242d19210b21d64163e676c458838ca47bf0e563e118e5531c65e59e554cd?s=96&d=mm&r=g\",\"contentUrl\":\"https:\/\/secure.gravatar.com\/avatar\/e55242d19210b21d64163e676c458838ca47bf0e563e118e5531c65e59e554cd?s=96&d=mm&r=g\",\"caption\":\"admin\"},\"sameAs\":[\"https:\/\/tribunedumbam.com\"],\"url\":\"https:\/\/tribunedumbam.com\/?author=1\"}]}<\/script>\n<!-- \/ Yoast SEO plugin. -->","yoast_head_json":{"title":"Cameroun: Franck Emmanuel Biya a t-il vraiment la chance d'\u00eatre nomm\u00e9 Vice-pr\u00e9sident ? - Tribune du Mbam","robots":{"index":"index","follow":"follow","max-snippet":"max-snippet:-1","max-image-preview":"max-image-preview:large","max-video-preview":"max-video-preview:-1"},"canonical":"https:\/\/tribunedumbam.com\/?p=1138","og_locale":"en_US","og_type":"article","og_title":"Cameroun: Franck Emmanuel Biya a t-il vraiment la chance d'\u00eatre nomm\u00e9 Vice-pr\u00e9sident ? - Tribune du Mbam","og_description":"C&#8217;est une question qui br\u00fble les l\u00e8vres depuis l&#8217;adoption et la promulgation de la nouvelle constitution qui consacre le poste de Vice \u2013 pr\u00e9sident dans la haute sph\u00e8re administrative du pays. Entre sp\u00e9culations et rumeurs, des sources diverses et concordantes indiquent que, sur la liste des potentiels pr\u00e9tendants qui sont pressentis \u00e0 assumer ce poste","og_url":"https:\/\/tribunedumbam.com\/?p=1138","og_site_name":"Tribune du Mbam","article_published_time":"2026-04-28T17:30:23+00:00","article_modified_time":"2026-04-28T17:30:24+00:00","og_image":[{"width":451,"height":450,"url":"https:\/\/tribunedumbam.com\/wp-content\/uploads\/2026\/04\/IMG-20260428-WA0192.jpg","type":"image\/jpeg"}],"author":"admin","twitter_card":"summary_large_image","twitter_misc":{"Written by":"admin","Est. reading time":"3 minutes"},"schema":{"@context":"https:\/\/schema.org","@graph":[{"@type":"Article","@id":"https:\/\/tribunedumbam.com\/?p=1138#article","isPartOf":{"@id":"https:\/\/tribunedumbam.com\/?p=1138"},"author":{"name":"admin","@id":"https:\/\/tribunedumbam.com\/#\/schema\/person\/c652b24abbab29cc36ac124801845aac"},"headline":"Cameroun: Franck Emmanuel Biya a t-il vraiment la chance d&#8217;\u00eatre nomm\u00e9 Vice-pr\u00e9sident ?","datePublished":"2026-04-28T17:30:23+00:00","dateModified":"2026-04-28T17:30:24+00:00","mainEntityOfPage":{"@id":"https:\/\/tribunedumbam.com\/?p=1138"},"wordCount":629,"commentCount":0,"publisher":{"@id":"https:\/\/tribunedumbam.com\/#organization"},"image":{"@id":"https:\/\/tribunedumbam.com\/?p=1138#primaryimage"},"thumbnailUrl":"https:\/\/tribunedumbam.com\/wp-content\/uploads\/2026\/04\/IMG-20260428-WA0192.jpg","articleSection":["Cameroun"],"inLanguage":"en-US","potentialAction":[{"@type":"CommentAction","name":"Comment","target":["https:\/\/tribunedumbam.com\/?p=1138#respond"]}]},{"@type":"WebPage","@id":"https:\/\/tribunedumbam.com\/?p=1138","url":"https:\/\/tribunedumbam.com\/?p=1138","name":"Cameroun: Franck Emmanuel Biya a t-il vraiment la chance d'\u00eatre nomm\u00e9 Vice-pr\u00e9sident ? - Tribune du Mbam","isPartOf":{"@id":"https:\/\/tribunedumbam.com\/#website"},"primaryImageOfPage":{"@id":"https:\/\/tribunedumbam.com\/?p=1138#primaryimage"},"image":{"@id":"https:\/\/tribunedumbam.com\/?p=1138#primaryimage"},"thumbnailUrl":"https:\/\/tribunedumbam.com\/wp-content\/uploads\/2026\/04\/IMG-20260428-WA0192.jpg","datePublished":"2026-04-28T17:30:23+00:00","dateModified":"2026-04-28T17:30:24+00:00","breadcrumb":{"@id":"https:\/\/tribunedumbam.com\/?p=1138#breadcrumb"},"inLanguage":"en-US","potentialAction":[{"@type":"ReadAction","target":["https:\/\/tribunedumbam.com\/?p=1138"]}]},{"@type":"ImageObject","inLanguage":"en-US","@id":"https:\/\/tribunedumbam.com\/?p=1138#primaryimage","url":"https:\/\/tribunedumbam.com\/wp-content\/uploads\/2026\/04\/IMG-20260428-WA0192.jpg","contentUrl":"https:\/\/tribunedumbam.com\/wp-content\/uploads\/2026\/04\/IMG-20260428-WA0192.jpg","width":451,"height":450},{"@type":"BreadcrumbList","@id":"https:\/\/tribunedumbam.com\/?p=1138#breadcrumb","itemListElement":[{"@type":"ListItem","position":1,"name":"Home","item":"https:\/\/tribunedumbam.com\/"},{"@type":"ListItem","position":2,"name":"Cameroun: Franck Emmanuel Biya a t-il vraiment la chance d&#8217;\u00eatre nomm\u00e9 Vice-pr\u00e9sident ?"}]},{"@type":"WebSite","@id":"https:\/\/tribunedumbam.com\/#website","url":"https:\/\/tribunedumbam.com\/","name":"Tribune du Mbam","description":"","publisher":{"@id":"https:\/\/tribunedumbam.com\/#organization"},"potentialAction":[{"@type":"SearchAction","target":{"@type":"EntryPoint","urlTemplate":"https:\/\/tribunedumbam.com\/?s={search_term_string}"},"query-input":{"@type":"PropertyValueSpecification","valueRequired":true,"valueName":"search_term_string"}}],"inLanguage":"en-US"},{"@type":"Organization","@id":"https:\/\/tribunedumbam.com\/#organization","name":"Tribune du Mbam","url":"https:\/\/tribunedumbam.com\/","logo":{"@type":"ImageObject","inLanguage":"en-US","@id":"https:\/\/tribunedumbam.com\/#\/schema\/logo\/image\/","url":"https:\/\/tribunedumbam.com\/wp-content\/uploads\/2025\/07\/cropped-cropped-cropped-logo-tribune-du-mbam.jpg","contentUrl":"https:\/\/tribunedumbam.com\/wp-content\/uploads\/2025\/07\/cropped-cropped-cropped-logo-tribune-du-mbam.jpg","width":994,"height":811,"caption":"Tribune du Mbam"},"image":{"@id":"https:\/\/tribunedumbam.com\/#\/schema\/logo\/image\/"}},{"@type":"Person","@id":"https:\/\/tribunedumbam.com\/#\/schema\/person\/c652b24abbab29cc36ac124801845aac","name":"admin","image":{"@type":"ImageObject","inLanguage":"en-US","@id":"https:\/\/tribunedumbam.com\/#\/schema\/person\/image\/","url":"https:\/\/secure.gravatar.com\/avatar\/e55242d19210b21d64163e676c458838ca47bf0e563e118e5531c65e59e554cd?s=96&d=mm&r=g","contentUrl":"https:\/\/secure.gravatar.com\/avatar\/e55242d19210b21d64163e676c458838ca47bf0e563e118e5531c65e59e554cd?s=96&d=mm&r=g","caption":"admin"},"sameAs":["https:\/\/tribunedumbam.com"],"url":"https:\/\/tribunedumbam.com\/?author=1"}]}},"_links":{"self":[{"href":"https:\/\/tribunedumbam.com\/index.php?rest_route=\/wp\/v2\/posts\/1138","targetHints":{"allow":["GET"]}}],"collection":[{"href":"https:\/\/tribunedumbam.com\/index.php?rest_route=\/wp\/v2\/posts"}],"about":[{"href":"https:\/\/tribunedumbam.com\/index.php?rest_route=\/wp\/v2\/types\/post"}],"author":[{"embeddable":true,"href":"https:\/\/tribunedumbam.com\/index.php?rest_route=\/wp\/v2\/users\/1"}],"replies":[{"embeddable":true,"href":"https:\/\/tribunedumbam.com\/index.php?rest_route=%2Fwp%2Fv2%2Fcomments&post=1138"}],"version-history":[{"count":2,"href":"https:\/\/tribunedumbam.com\/index.php?rest_route=\/wp\/v2\/posts\/1138\/revisions"}],"predecessor-version":[{"id":1145,"href":"https:\/\/tribunedumbam.com\/index.php?rest_route=\/wp\/v2\/posts\/1138\/revisions\/1145"}],"wp:attachment":[{"href":"https:\/\/tribunedumbam.com\/index.php?rest_route=%2Fwp%2Fv2%2Fmedia&parent=1138"}],"wp:term":[{"taxonomy":"category","embeddable":true,"href":"https:\/\/tribunedumbam.com\/index.php?rest_route=%2Fwp%2Fv2%2Fcategories&post=1138"},{"taxonomy":"post_tag","embeddable":true,"href":"https:\/\/tribunedumbam.com\/index.php?rest_route=%2Fwp%2Fv2%2Ftags&post=1138"}],"curies":[{"name":"wp","href":"https:\/\/api.w.org\/{rel}","templated":true}]}}