{"id":1143,"date":"2026-04-30T14:21:09","date_gmt":"2026-04-30T14:21:09","guid":{"rendered":"https:\/\/tribunedumbam.com\/?p=1143"},"modified":"2026-04-30T14:21:11","modified_gmt":"2026-04-30T14:21:11","slug":"1er-mai-2026-bilan-des-reformes-qui-ont-apportees-la-justice-sociale-dans-la-commune-de-bokito","status":"publish","type":"post","link":"https:\/\/tribunedumbam.com\/?p=1143","title":{"rendered":"1er Mai 2026: Bilan des r\u00e9formes qui ont apport\u00e9es la justice sociale dans la commune de Bokito."},"content":{"rendered":"\n<figure class=\"wp-block-gallery has-nested-images columns-default is-cropped wp-block-gallery-1 is-layout-flex wp-block-gallery-is-layout-flex\">\n<figure class=\"wp-block-image size-large\"><img fetchpriority=\"high\" decoding=\"async\" width=\"1024\" height=\"770\" data-id=\"1148\" src=\"https:\/\/tribunedumbam.com\/wp-content\/uploads\/2026\/04\/Screenshot_20260430-150142-1024x770.jpg\" alt=\"\" class=\"wp-image-1148\" srcset=\"https:\/\/tribunedumbam.com\/wp-content\/uploads\/2026\/04\/Screenshot_20260430-150142-1024x770.jpg 1024w, https:\/\/tribunedumbam.com\/wp-content\/uploads\/2026\/04\/Screenshot_20260430-150142-300x226.jpg 300w, https:\/\/tribunedumbam.com\/wp-content\/uploads\/2026\/04\/Screenshot_20260430-150142-768x577.jpg 768w, https:\/\/tribunedumbam.com\/wp-content\/uploads\/2026\/04\/Screenshot_20260430-150142-640x480.jpg 640w, https:\/\/tribunedumbam.com\/wp-content\/uploads\/2026\/04\/Screenshot_20260430-150142.jpg 1080w\" sizes=\"(max-width: 1024px) 100vw, 1024px\" \/><\/figure>\n<\/figure>\n\n\n\n<p><font dir=\"auto\" style=\"vertical-align: inherit;\"><font dir=\"auto\" style=\"vertical-align: inherit;\">En 2020, 80% du personnel de la commune de Bokito \u00e9tait temporaire. Ils sont tous devenus des agents municipaux titulaires. C&#8217;est en effet l&#8217;une des r\u00e9v\u00e9lations fortes du Maire AMATAGANA zach\u00e9e \u00e0 la veille de la 140 \u00e8me \u00e9dition de la journ\u00e9e internationale des droits des travailleurs. Entre salaires \u00e0 jour malgr\u00e9 la conjoncture, mise \u00e0 jour des affiliations \u00e0 la cnps, le magistrat municipal revient \u00e0 travers cette br\u00e8ve interview sur le chantier entam\u00e9 depuis 2020 sur la restauration des travailleurs dans leurs droits et la justice sociale dans la commune de Bokito. Lire l&#8217;int\u00e9gralit\u00e9 de l&#8217;interview. <\/font><\/font><br><br><font dir=\"auto\" style=\"vertical-align: inherit;\"><font dir=\"auto\" style=\"vertical-align: inherit;\">*Question :* bonjour monsieur le Maire et merci de nous accorder cette interview. La 140 \u00e8me \u00e9dition de la journ\u00e9e internationale des droits des travailleurs nous donne l&#8217;occasion de vous poser sans d\u00e9tour l&#8217;\u00e9pineuse question sur la situation du personnel de la commune de Bokito notamment les salaires, la cnps, les avancements, les conditions de travail entre autres. <\/font><\/font><br><br><font dir=\"auto\" style=\"vertical-align: inherit;\"><font dir=\"auto\" style=\"vertical-align: inherit;\">*R\u00e9ponse:* <\/font><\/font><br><font dir=\"auto\" style=\"vertical-align: inherit;\"><font dir=\"auto\" style=\"vertical-align: inherit;\">Bonjour et merci pour l&#8217;opportunit\u00e9 que vous me donnez de m&#8217;exprimer \u00e0 l&#8217;occasion de cette 140\u1d49 \u00e9dition de la Journ\u00e9e internationale des droits des travailleurs. <\/font><\/font><br><font dir=\"auto\" style=\"vertical-align: inherit;\"><font dir=\"auto\" style=\"vertical-align: inherit;\">Au niveau de la commune de Bokito, nous accordons une importance particuli\u00e8re au bien-\u00eatre de notre personnel. Nous avons d\u00e8s notre prise de fonction commenc\u00e9e par faire d&#8217;eux des agents municipaux titulaires car 80% d&#8217;entre eux \u00e9tait des temporaires. <\/font><\/font><br><font dir=\"auto\" style=\"vertical-align: inherit;\"><font dir=\"auto\" style=\"vertical-align: inherit;\">En ce qui concerne les salaires, nous faisons des efforts constants pour assurer leur r\u00e9gularit\u00e9 malgr\u00e9 les contraintes budg\u00e9taires auxquelles les collectivit\u00e9s territoriales et notamment les mairies rurales sont confront\u00e9es. S&#8217;agissant de la CNPS, nous avons engag\u00e9 un processus de r\u00e9gularisation progressive afin que chaque agent puisse b\u00e9n\u00e9ficier pleinement de sa couverture sociale. <\/font><\/font><br><font dir=\"auto\" style=\"vertical-align: inherit;\"><font dir=\"auto\" style=\"vertical-align: inherit;\">Concernant les avancements, ils sont effectu\u00e9s dans la mesure du possible, en tenant compte des textes en vigueur et des performances individuelles. Quant aux conditions de travail, nous \u0153uvrons \u00e0 leur \u00e0 travers la modernisation progressive des services, la mise \u00e0 disposition d&#8217;\u00e9quipements et l&#8217;assainissement de l&#8217;environnement professionnel. <\/font><\/font><br><font dir=\"auto\" style=\"vertical-align: inherit;\"><font dir=\"auto\" style=\"vertical-align: inherit;\">Question : rencontrez-vous des difficult\u00e9s \u00e0 la mise en \u0153uvre de cette politique de justice sociale ? <\/font><\/font><br><font dir=\"auto\" style=\"vertical-align: inherit;\"><font dir=\"auto\" style=\"vertical-align: inherit;\">*R\u00e9ponse :* <\/font><\/font><br><font dir=\"auto\" style=\"vertical-align: inherit;\"><font dir=\"auto\" style=\"vertical-align: inherit;\">Les principales difficult\u00e9s auxquelles nous faisons face sont d&#8217;abord d&#8217;ordre financier. Les ressources de la commune restent limit\u00e9es, alors que les besoins sont nombreux et croissants. Cela impacte notre capacit\u00e9 \u00e0 r\u00e9pondre rapidement \u00e0 toutes les attentes du personnel.<\/font><\/font><br><font dir=\"auto\" style=\"vertical-align: inherit;\"><font dir=\"auto\" style=\"vertical-align: inherit;\">Ensuite, il y a des contraintes administratives et structurelles, notamment en ce qui concerne la gestion des carri\u00e8res et la mise en \u0153uvre de certaines r\u00e9formes. Nous faisons \u00e9galement face \u00e0 un besoin de renforcement des capacit\u00e9s de notre personnel pour s&#8217;adapter aux exigences modernes de l&#8217;administration. <\/font><\/font><br><font dir=\"auto\" style=\"vertical-align: inherit;\"><font dir=\"auto\" style=\"vertical-align: inherit;\">Malgr\u00e9 ces d\u00e9fis, nous restons engag\u00e9s \u00e0 am\u00e9liorer progressivement la situation, dans un esprit de dialogue et de responsabilit\u00e9. <\/font><\/font><br><font dir=\"auto\" style=\"vertical-align: inherit;\"><font dir=\"auto\" style=\"vertical-align: inherit;\">*Question :* monsieur le Maire parlez-nous des perspectives de votre id\u00e9al recherch\u00e9 pour le personnel de la commune de Bokito. <\/font><\/font><br><font dir=\"auto\" style=\"vertical-align: inherit;\"><font dir=\"auto\" style=\"vertical-align: inherit;\">*R\u00e9ponse :* <\/font><\/font><br><font dir=\"auto\" style=\"vertical-align: inherit;\"><font dir=\"auto\" style=\"vertical-align: inherit;\">Les perspectives sont encourageantes. Nous travaillons \u00e0 renforcer la gouvernance locale et \u00e0 am\u00e9liorer la mobilisation des ressources propres de la commune, ce qui nous permettra \u00e0 terme de mieux prendre en charge les droits des travailleurs. <\/font><\/font><br><font dir=\"auto\" style=\"vertical-align: inherit;\"><font dir=\"auto\" style=\"vertical-align: inherit;\">Nous envisageons \u00e9galement de mettre en place des m\u00e9canismes plus efficaces de gestion du personnel, notamment en mati\u00e8re de formation continue, d&#8217;\u00e9valuation et de motivation. L&#8217;objectif est de b\u00e2tir une administration communale performante, o\u00f9 chaque agent se sent valoris\u00e9 et prot\u00e9g\u00e9. <\/font><\/font><br><font dir=\"auto\" style=\"vertical-align: inherit;\"><font dir=\"auto\" style=\"vertical-align: inherit;\">Par ailleurs, nous comptons intensifier le dialogue social afin que les pr\u00e9occupations des travailleurs soient prises en compte de mani\u00e8re participative et durable. <\/font><\/font><br><font dir=\"auto\" style=\"vertical-align: inherit;\"><font dir=\"auto\" style=\"vertical-align: inherit;\">En conclusion, je vous remercie pour cet \u00e9change. Je tiens \u00e0 rassurer les populations et les travailleurs de la commune de Bokito que nous sommes pleinement engag\u00e9s dans un processus d&#8217;am\u00e9lioration continue, avec pour objectif d&#8217;assurer \u00e0 chaque agent des conditions de travail dignes et conformes aux principes de justice sociale.<\/font><\/font><\/p>\n","protected":false},"excerpt":{"rendered":"<p>En 2020, 80% du personnel de la commune de Bokito \u00e9tait temporaire. Ils sont tous devenus des agents municipaux titulaires. C&#8217;est en effet l&#8217;une des r\u00e9v\u00e9lations fortes du Maire AMATAGANA zach\u00e9e \u00e0 la veille de la 140 \u00e8me \u00e9dition de la journ\u00e9e internationale des droits des travailleurs. Entre salaires \u00e0 jour malgr\u00e9 la conjoncture, mise<\/p>\n","protected":false},"author":1,"featured_media":0,"comment_status":"open","ping_status":"open","sticky":false,"template":"","format":"standard","meta":{"footnotes":""},"categories":[1,7],"tags":[],"class_list":["post-1143","post","type-post","status-publish","format-standard","hentry","category-cameroun","category-politics"],"yoast_head":"<!-- This site is optimized with the Yoast SEO plugin v25.5 - https:\/\/yoast.com\/wordpress\/plugins\/seo\/ -->\n<title>1er Mai 2026: Bilan des r\u00e9formes qui ont apport\u00e9es la justice sociale dans la commune de Bokito. - Tribune du Mbam<\/title>\n<meta name=\"robots\" content=\"index, follow, max-snippet:-1, max-image-preview:large, max-video-preview:-1\" \/>\n<link rel=\"canonical\" href=\"https:\/\/tribunedumbam.com\/?p=1143\" \/>\n<meta property=\"og:locale\" content=\"en_US\" \/>\n<meta property=\"og:type\" content=\"article\" \/>\n<meta property=\"og:title\" content=\"1er Mai 2026: Bilan des r\u00e9formes qui ont apport\u00e9es la justice sociale dans la commune de Bokito. - Tribune du Mbam\" \/>\n<meta property=\"og:description\" content=\"En 2020, 80% du personnel de la commune de Bokito \u00e9tait temporaire. Ils sont tous devenus des agents municipaux titulaires. C&#8217;est en effet l&#8217;une des r\u00e9v\u00e9lations fortes du Maire AMATAGANA zach\u00e9e \u00e0 la veille de la 140 \u00e8me \u00e9dition de la journ\u00e9e internationale des droits des travailleurs. Entre salaires \u00e0 jour malgr\u00e9 la conjoncture, mise\" \/>\n<meta property=\"og:url\" content=\"https:\/\/tribunedumbam.com\/?p=1143\" \/>\n<meta property=\"og:site_name\" content=\"Tribune du Mbam\" \/>\n<meta property=\"article:published_time\" content=\"2026-04-30T14:21:09+00:00\" \/>\n<meta property=\"article:modified_time\" content=\"2026-04-30T14:21:11+00:00\" \/>\n<meta property=\"og:image\" content=\"https:\/\/tribunedumbam.com\/wp-content\/uploads\/2026\/04\/Screenshot_20260430-150142.jpg\" \/>\n\t<meta property=\"og:image:width\" content=\"1080\" \/>\n\t<meta property=\"og:image:height\" content=\"812\" \/>\n\t<meta property=\"og:image:type\" content=\"image\/jpeg\" \/>\n<meta name=\"author\" content=\"admin\" \/>\n<meta name=\"twitter:card\" content=\"summary_large_image\" \/>\n<meta name=\"twitter:label1\" content=\"Written by\" \/>\n\t<meta name=\"twitter:data1\" content=\"admin\" \/>\n\t<meta name=\"twitter:label2\" content=\"Est. reading time\" \/>\n\t<meta name=\"twitter:data2\" content=\"3 minutes\" \/>\n<script type=\"application\/ld+json\" class=\"yoast-schema-graph\">{\"@context\":\"https:\/\/schema.org\",\"@graph\":[{\"@type\":\"Article\",\"@id\":\"https:\/\/tribunedumbam.com\/?p=1143#article\",\"isPartOf\":{\"@id\":\"https:\/\/tribunedumbam.com\/?p=1143\"},\"author\":{\"name\":\"admin\",\"@id\":\"https:\/\/tribunedumbam.com\/#\/schema\/person\/c652b24abbab29cc36ac124801845aac\"},\"headline\":\"1er Mai 2026: Bilan des r\u00e9formes qui ont apport\u00e9es la justice sociale dans la commune de Bokito.\",\"datePublished\":\"2026-04-30T14:21:09+00:00\",\"dateModified\":\"2026-04-30T14:21:11+00:00\",\"mainEntityOfPage\":{\"@id\":\"https:\/\/tribunedumbam.com\/?p=1143\"},\"wordCount\":653,\"commentCount\":0,\"publisher\":{\"@id\":\"https:\/\/tribunedumbam.com\/#organization\"},\"image\":{\"@id\":\"https:\/\/tribunedumbam.com\/?p=1143#primaryimage\"},\"thumbnailUrl\":\"https:\/\/tribunedumbam.com\/wp-content\/uploads\/2026\/04\/Screenshot_20260430-150142-1024x770.jpg\",\"articleSection\":[\"Cameroun\",\"Politics\"],\"inLanguage\":\"en-US\",\"potentialAction\":[{\"@type\":\"CommentAction\",\"name\":\"Comment\",\"target\":[\"https:\/\/tribunedumbam.com\/?p=1143#respond\"]}]},{\"@type\":\"WebPage\",\"@id\":\"https:\/\/tribunedumbam.com\/?p=1143\",\"url\":\"https:\/\/tribunedumbam.com\/?p=1143\",\"name\":\"1er Mai 2026: Bilan des r\u00e9formes qui ont apport\u00e9es la justice sociale dans la commune de Bokito. - Tribune du Mbam\",\"isPartOf\":{\"@id\":\"https:\/\/tribunedumbam.com\/#website\"},\"primaryImageOfPage\":{\"@id\":\"https:\/\/tribunedumbam.com\/?p=1143#primaryimage\"},\"image\":{\"@id\":\"https:\/\/tribunedumbam.com\/?p=1143#primaryimage\"},\"thumbnailUrl\":\"https:\/\/tribunedumbam.com\/wp-content\/uploads\/2026\/04\/Screenshot_20260430-150142-1024x770.jpg\",\"datePublished\":\"2026-04-30T14:21:09+00:00\",\"dateModified\":\"2026-04-30T14:21:11+00:00\",\"breadcrumb\":{\"@id\":\"https:\/\/tribunedumbam.com\/?p=1143#breadcrumb\"},\"inLanguage\":\"en-US\",\"potentialAction\":[{\"@type\":\"ReadAction\",\"target\":[\"https:\/\/tribunedumbam.com\/?p=1143\"]}]},{\"@type\":\"ImageObject\",\"inLanguage\":\"en-US\",\"@id\":\"https:\/\/tribunedumbam.com\/?p=1143#primaryimage\",\"url\":\"https:\/\/tribunedumbam.com\/wp-content\/uploads\/2026\/04\/Screenshot_20260430-150142.jpg\",\"contentUrl\":\"https:\/\/tribunedumbam.com\/wp-content\/uploads\/2026\/04\/Screenshot_20260430-150142.jpg\",\"width\":1080,\"height\":812},{\"@type\":\"BreadcrumbList\",\"@id\":\"https:\/\/tribunedumbam.com\/?p=1143#breadcrumb\",\"itemListElement\":[{\"@type\":\"ListItem\",\"position\":1,\"name\":\"Home\",\"item\":\"https:\/\/tribunedumbam.com\/\"},{\"@type\":\"ListItem\",\"position\":2,\"name\":\"1er Mai 2026: Bilan des r\u00e9formes qui ont apport\u00e9es la justice sociale dans la commune de Bokito.\"}]},{\"@type\":\"WebSite\",\"@id\":\"https:\/\/tribunedumbam.com\/#website\",\"url\":\"https:\/\/tribunedumbam.com\/\",\"name\":\"Tribune du Mbam\",\"description\":\"\",\"publisher\":{\"@id\":\"https:\/\/tribunedumbam.com\/#organization\"},\"potentialAction\":[{\"@type\":\"SearchAction\",\"target\":{\"@type\":\"EntryPoint\",\"urlTemplate\":\"https:\/\/tribunedumbam.com\/?s={search_term_string}\"},\"query-input\":{\"@type\":\"PropertyValueSpecification\",\"valueRequired\":true,\"valueName\":\"search_term_string\"}}],\"inLanguage\":\"en-US\"},{\"@type\":\"Organization\",\"@id\":\"https:\/\/tribunedumbam.com\/#organization\",\"name\":\"Tribune du Mbam\",\"url\":\"https:\/\/tribunedumbam.com\/\",\"logo\":{\"@type\":\"ImageObject\",\"inLanguage\":\"en-US\",\"@id\":\"https:\/\/tribunedumbam.com\/#\/schema\/logo\/image\/\",\"url\":\"https:\/\/tribunedumbam.com\/wp-content\/uploads\/2025\/07\/cropped-cropped-cropped-logo-tribune-du-mbam.jpg\",\"contentUrl\":\"https:\/\/tribunedumbam.com\/wp-content\/uploads\/2025\/07\/cropped-cropped-cropped-logo-tribune-du-mbam.jpg\",\"width\":994,\"height\":811,\"caption\":\"Tribune du Mbam\"},\"image\":{\"@id\":\"https:\/\/tribunedumbam.com\/#\/schema\/logo\/image\/\"}},{\"@type\":\"Person\",\"@id\":\"https:\/\/tribunedumbam.com\/#\/schema\/person\/c652b24abbab29cc36ac124801845aac\",\"name\":\"admin\",\"image\":{\"@type\":\"ImageObject\",\"inLanguage\":\"en-US\",\"@id\":\"https:\/\/tribunedumbam.com\/#\/schema\/person\/image\/\",\"url\":\"https:\/\/secure.gravatar.com\/avatar\/e55242d19210b21d64163e676c458838ca47bf0e563e118e5531c65e59e554cd?s=96&d=mm&r=g\",\"contentUrl\":\"https:\/\/secure.gravatar.com\/avatar\/e55242d19210b21d64163e676c458838ca47bf0e563e118e5531c65e59e554cd?s=96&d=mm&r=g\",\"caption\":\"admin\"},\"sameAs\":[\"https:\/\/tribunedumbam.com\"],\"url\":\"https:\/\/tribunedumbam.com\/?author=1\"}]}<\/script>\n<!-- \/ Yoast SEO plugin. -->","yoast_head_json":{"title":"1er Mai 2026: Bilan des r\u00e9formes qui ont apport\u00e9es la justice sociale dans la commune de Bokito. - Tribune du Mbam","robots":{"index":"index","follow":"follow","max-snippet":"max-snippet:-1","max-image-preview":"max-image-preview:large","max-video-preview":"max-video-preview:-1"},"canonical":"https:\/\/tribunedumbam.com\/?p=1143","og_locale":"en_US","og_type":"article","og_title":"1er Mai 2026: Bilan des r\u00e9formes qui ont apport\u00e9es la justice sociale dans la commune de Bokito. - Tribune du Mbam","og_description":"En 2020, 80% du personnel de la commune de Bokito \u00e9tait temporaire. Ils sont tous devenus des agents municipaux titulaires. C&#8217;est en effet l&#8217;une des r\u00e9v\u00e9lations fortes du Maire AMATAGANA zach\u00e9e \u00e0 la veille de la 140 \u00e8me \u00e9dition de la journ\u00e9e internationale des droits des travailleurs. Entre salaires \u00e0 jour malgr\u00e9 la conjoncture, mise","og_url":"https:\/\/tribunedumbam.com\/?p=1143","og_site_name":"Tribune du Mbam","article_published_time":"2026-04-30T14:21:09+00:00","article_modified_time":"2026-04-30T14:21:11+00:00","og_image":[{"width":1080,"height":812,"url":"https:\/\/tribunedumbam.com\/wp-content\/uploads\/2026\/04\/Screenshot_20260430-150142.jpg","type":"image\/jpeg"}],"author":"admin","twitter_card":"summary_large_image","twitter_misc":{"Written by":"admin","Est. reading time":"3 minutes"},"schema":{"@context":"https:\/\/schema.org","@graph":[{"@type":"Article","@id":"https:\/\/tribunedumbam.com\/?p=1143#article","isPartOf":{"@id":"https:\/\/tribunedumbam.com\/?p=1143"},"author":{"name":"admin","@id":"https:\/\/tribunedumbam.com\/#\/schema\/person\/c652b24abbab29cc36ac124801845aac"},"headline":"1er Mai 2026: Bilan des r\u00e9formes qui ont apport\u00e9es la justice sociale dans la commune de Bokito.","datePublished":"2026-04-30T14:21:09+00:00","dateModified":"2026-04-30T14:21:11+00:00","mainEntityOfPage":{"@id":"https:\/\/tribunedumbam.com\/?p=1143"},"wordCount":653,"commentCount":0,"publisher":{"@id":"https:\/\/tribunedumbam.com\/#organization"},"image":{"@id":"https:\/\/tribunedumbam.com\/?p=1143#primaryimage"},"thumbnailUrl":"https:\/\/tribunedumbam.com\/wp-content\/uploads\/2026\/04\/Screenshot_20260430-150142-1024x770.jpg","articleSection":["Cameroun","Politics"],"inLanguage":"en-US","potentialAction":[{"@type":"CommentAction","name":"Comment","target":["https:\/\/tribunedumbam.com\/?p=1143#respond"]}]},{"@type":"WebPage","@id":"https:\/\/tribunedumbam.com\/?p=1143","url":"https:\/\/tribunedumbam.com\/?p=1143","name":"1er Mai 2026: Bilan des r\u00e9formes qui ont apport\u00e9es la justice sociale dans la commune de Bokito. - Tribune du Mbam","isPartOf":{"@id":"https:\/\/tribunedumbam.com\/#website"},"primaryImageOfPage":{"@id":"https:\/\/tribunedumbam.com\/?p=1143#primaryimage"},"image":{"@id":"https:\/\/tribunedumbam.com\/?p=1143#primaryimage"},"thumbnailUrl":"https:\/\/tribunedumbam.com\/wp-content\/uploads\/2026\/04\/Screenshot_20260430-150142-1024x770.jpg","datePublished":"2026-04-30T14:21:09+00:00","dateModified":"2026-04-30T14:21:11+00:00","breadcrumb":{"@id":"https:\/\/tribunedumbam.com\/?p=1143#breadcrumb"},"inLanguage":"en-US","potentialAction":[{"@type":"ReadAction","target":["https:\/\/tribunedumbam.com\/?p=1143"]}]},{"@type":"ImageObject","inLanguage":"en-US","@id":"https:\/\/tribunedumbam.com\/?p=1143#primaryimage","url":"https:\/\/tribunedumbam.com\/wp-content\/uploads\/2026\/04\/Screenshot_20260430-150142.jpg","contentUrl":"https:\/\/tribunedumbam.com\/wp-content\/uploads\/2026\/04\/Screenshot_20260430-150142.jpg","width":1080,"height":812},{"@type":"BreadcrumbList","@id":"https:\/\/tribunedumbam.com\/?p=1143#breadcrumb","itemListElement":[{"@type":"ListItem","position":1,"name":"Home","item":"https:\/\/tribunedumbam.com\/"},{"@type":"ListItem","position":2,"name":"1er Mai 2026: Bilan des r\u00e9formes qui ont apport\u00e9es la justice sociale dans la commune de Bokito."}]},{"@type":"WebSite","@id":"https:\/\/tribunedumbam.com\/#website","url":"https:\/\/tribunedumbam.com\/","name":"Tribune du Mbam","description":"","publisher":{"@id":"https:\/\/tribunedumbam.com\/#organization"},"potentialAction":[{"@type":"SearchAction","target":{"@type":"EntryPoint","urlTemplate":"https:\/\/tribunedumbam.com\/?s={search_term_string}"},"query-input":{"@type":"PropertyValueSpecification","valueRequired":true,"valueName":"search_term_string"}}],"inLanguage":"en-US"},{"@type":"Organization","@id":"https:\/\/tribunedumbam.com\/#organization","name":"Tribune du Mbam","url":"https:\/\/tribunedumbam.com\/","logo":{"@type":"ImageObject","inLanguage":"en-US","@id":"https:\/\/tribunedumbam.com\/#\/schema\/logo\/image\/","url":"https:\/\/tribunedumbam.com\/wp-content\/uploads\/2025\/07\/cropped-cropped-cropped-logo-tribune-du-mbam.jpg","contentUrl":"https:\/\/tribunedumbam.com\/wp-content\/uploads\/2025\/07\/cropped-cropped-cropped-logo-tribune-du-mbam.jpg","width":994,"height":811,"caption":"Tribune du Mbam"},"image":{"@id":"https:\/\/tribunedumbam.com\/#\/schema\/logo\/image\/"}},{"@type":"Person","@id":"https:\/\/tribunedumbam.com\/#\/schema\/person\/c652b24abbab29cc36ac124801845aac","name":"admin","image":{"@type":"ImageObject","inLanguage":"en-US","@id":"https:\/\/tribunedumbam.com\/#\/schema\/person\/image\/","url":"https:\/\/secure.gravatar.com\/avatar\/e55242d19210b21d64163e676c458838ca47bf0e563e118e5531c65e59e554cd?s=96&d=mm&r=g","contentUrl":"https:\/\/secure.gravatar.com\/avatar\/e55242d19210b21d64163e676c458838ca47bf0e563e118e5531c65e59e554cd?s=96&d=mm&r=g","caption":"admin"},"sameAs":["https:\/\/tribunedumbam.com"],"url":"https:\/\/tribunedumbam.com\/?author=1"}]}},"_links":{"self":[{"href":"https:\/\/tribunedumbam.com\/index.php?rest_route=\/wp\/v2\/posts\/1143","targetHints":{"allow":["GET"]}}],"collection":[{"href":"https:\/\/tribunedumbam.com\/index.php?rest_route=\/wp\/v2\/posts"}],"about":[{"href":"https:\/\/tribunedumbam.com\/index.php?rest_route=\/wp\/v2\/types\/post"}],"author":[{"embeddable":true,"href":"https:\/\/tribunedumbam.com\/index.php?rest_route=\/wp\/v2\/users\/1"}],"replies":[{"embeddable":true,"href":"https:\/\/tribunedumbam.com\/index.php?rest_route=%2Fwp%2Fv2%2Fcomments&post=1143"}],"version-history":[{"count":2,"href":"https:\/\/tribunedumbam.com\/index.php?rest_route=\/wp\/v2\/posts\/1143\/revisions"}],"predecessor-version":[{"id":1149,"href":"https:\/\/tribunedumbam.com\/index.php?rest_route=\/wp\/v2\/posts\/1143\/revisions\/1149"}],"wp:attachment":[{"href":"https:\/\/tribunedumbam.com\/index.php?rest_route=%2Fwp%2Fv2%2Fmedia&parent=1143"}],"wp:term":[{"taxonomy":"category","embeddable":true,"href":"https:\/\/tribunedumbam.com\/index.php?rest_route=%2Fwp%2Fv2%2Fcategories&post=1143"},{"taxonomy":"post_tag","embeddable":true,"href":"https:\/\/tribunedumbam.com\/index.php?rest_route=%2Fwp%2Fv2%2Ftags&post=1143"}],"curies":[{"name":"wp","href":"https:\/\/api.w.org\/{rel}","templated":true}]}}