{"id":1147,"date":"2026-05-03T12:08:26","date_gmt":"2026-05-03T12:08:26","guid":{"rendered":"https:\/\/tribunedumbam.com\/?p=1147"},"modified":"2026-05-03T12:08:27","modified_gmt":"2026-05-03T12:08:27","slug":"reddition-en-flux-continu-des-separatistes-secessionnistes-silence-prejudiciable-ou-complice-des-medias","status":"publish","type":"post","link":"https:\/\/tribunedumbam.com\/?p=1147","title":{"rendered":"Reddition en flux continu des s\u00e9paratistes s\u00e9cessionnistes: silence pr\u00e9judiciable ou complice des medias???"},"content":{"rendered":"\n<figure class=\"wp-block-gallery has-nested-images columns-default is-cropped wp-block-gallery-1 is-layout-flex wp-block-gallery-is-layout-flex\">\n<figure class=\"wp-block-image size-large\"><img fetchpriority=\"high\" decoding=\"async\" width=\"720\" height=\"912\" data-id=\"661\" src=\"https:\/\/tribunedumbam.com\/wp-content\/uploads\/2025\/10\/IMG-20251005-WA0250.jpg\" alt=\"\" class=\"wp-image-661\" srcset=\"https:\/\/tribunedumbam.com\/wp-content\/uploads\/2025\/10\/IMG-20251005-WA0250.jpg 720w, https:\/\/tribunedumbam.com\/wp-content\/uploads\/2025\/10\/IMG-20251005-WA0250-237x300.jpg 237w\" sizes=\"(max-width: 720px) 100vw, 720px\" \/><\/figure>\n<\/figure>\n\n\n\n<p><font dir=\"auto\" style=\"vertical-align: inherit;\"><font dir=\"auto\" style=\"vertical-align: inherit;\">C&#8217;est peu dire que l&#8217;irruption de la violence arm\u00e9e dans nos r\u00e9gions administratives du Nord-Ouest et du Sud-Ouest avait fait l&#8217;actualit\u00e9. C&#8217;\u00e9tait l&#8217;actualit\u00e9, et en parler \u00e9tait d&#8217;actualit\u00e9. Les unes des journaux, les antennes de radio, les plateaux t\u00e9l\u00e9 foisonnaient d&#8217;articles, de d\u00e9bats et autres reportages tous focalis\u00e9s sur le sujet. <\/font><\/font><br><br><font dir=\"auto\" style=\"vertical-align: inherit;\"><font dir=\"auto\" style=\"vertical-align: inherit;\">Occasions pour les citoyens ordinaires de faire part de leurs appr\u00e9hensions, pour les autorit\u00e9s de livrer leur appr\u00e9ciation de la situation. Occasions surtout pour toutes sortes d&#8217;experts av\u00e9r\u00e9s ou spontan\u00e9s, de d\u00e9velopper des th\u00e9ories d&#8217;analyse pr\u00e9dictive sur les \u00e9volutions du drame sans pr\u00e9c\u00e9dent qui affligeaient nos populations.\u00a0 <\/font><\/font><br><br><font dir=\"auto\" style=\"vertical-align: inherit;\"><font dir=\"auto\" style=\"vertical-align: inherit;\">Chaque ville, chaque village de la zone affect\u00e9 avait ses experts locaux ou \u00e9trangers, capables de dire combien de personnes d\u00e9ficientes mentales avaient \u00e9t\u00e9 massacr\u00e9es par les Forces de Maintien de l&#8217;Ordre, tout en s&#8217;extasiant, dans un cynisme abject, devant les glorieux faits d&#8217;armes des hordes de piliers \u00e9gorgeurs.\u00a0 <\/font><\/font><br><br><font dir=\"auto\" style=\"vertical-align: inherit;\"><font dir=\"auto\" style=\"vertical-align: inherit;\">Quant aux voies et moyens susceptibles de favoriser le r\u00e9tablissement d&#8217;un climat de s\u00e9curit\u00e9, tous \u00e9taient unanimes \u00e0 pr\u00e9coniser une sortie de crise apais\u00e9e, \u00e0 travers le dialogue et la concertation avec tous les protagonistes. Il ne croyait pas si bien dire.\u00a0 <\/font><\/font><br><br><font dir=\"auto\" style=\"vertical-align: inherit;\"><font dir=\"auto\" style=\"vertical-align: inherit;\">La r\u00e9action des pouvoirs publics va se faire en deux temps. Le 30 novembre 2018, soit un apr\u00e8s le d\u00e9but des violences, un Comit\u00e9 National sera mis sur pied avec pour mission assign\u00e9e d&#8217;organiser, d&#8217;encadrer et g\u00e9rer le d\u00e9sarmement, la d\u00e9mobilisation et la r\u00e9int\u00e9gration des ex-combattants de Boko Haram et des groupes arm\u00e9s des R\u00e9gions du Nord-Ouest et du Sud-Ouest, d\u00e9sireux de r\u00e9pondre favorablement \u00e0 l&#8217;offre de paix du Chef de l&#8217;Etat en d\u00e9posant les armes. <\/font><\/font><br><br><font dir=\"auto\" style=\"vertical-align: inherit;\"><font dir=\"auto\" style=\"vertical-align: inherit;\">En somme, pas de reddition forc\u00e9e, pas de poursuites judiciaires, juste une volont\u00e9 d\u00e9lib\u00e9r\u00e9e de faire la paix avec soi-m\u00eame et avec la communaut\u00e9 nationale. Et cerise sur le g\u00e2teau, l&#8217;opportunit\u00e9 offerte aux repentants de reprendre des \u00e9tudes, ou d&#8217;apprendre un m\u00e9tier. <\/font><\/font><br><br><font dir=\"auto\" style=\"vertical-align: inherit;\"><font dir=\"auto\" style=\"vertical-align: inherit;\">Sur cette lanc\u00e9e de recherche de la paix des coeurs, le Grand Dialogue national organis\u00e9 au Palais des Congr\u00e8s de Yaound\u00e9, va r\u00e9unir des repr\u00e9sentants de pratiquement toutes les facettes de la soci\u00e9t\u00e9 camerounaise, avec pour mission de scruter les sujets de crispations, puis d&#8217;en proposer des solutions les plus r\u00e9alistes possibles. Bon nombre d&#8217;entre ces derni\u00e8res est d\u00e9j\u00e0 venu \u00e0 la mat\u00e9rialit\u00e9. <\/font><\/font><br><br><font dir=\"auto\" style=\"vertical-align: inherit;\"><font dir=\"auto\" style=\"vertical-align: inherit;\">Pendant ce temps, des centaines de terroristes, d\u00e9sormais appel\u00e9s ex-combattants, continuant de quitter les rangs de la s\u00e9dition, nous rapprochons ainsi, du terme de la tourmente qui nous a assez ponctionn\u00e9 des vies et des ressources.De quoi ressusciter l&#8217;espoir d&#8217;un prochain retour \u00e0 la s\u00e9r\u00e9nit\u00e9 et au d\u00e9veloppement.<\/font><\/font><br><br><font dir=\"auto\" style=\"vertical-align: inherit;\"><font dir=\"auto\" style=\"vertical-align: inherit;\">Sauf que l&#8217;effervescence m\u00e9diatique locale semble conna\u00eetre un r\u00e9el essoufflement, situation pr\u00e9judiciable \u00e0 la p\u00e9rennit\u00e9 et \u00e0 l&#8217;efficacit\u00e9 des initiatives de r\u00e9solution des crises socio-s\u00e9curitaires que vit notre pays. Non seulement l&#8217;opinion se retrouve en dehors du cours des \u00e9v\u00e9nements, mais les principaux concern\u00e9s par ces mesures de d\u00e9confliction finissent par douter de leur bien-fond\u00e9.\u00a0 <\/font><\/font><br><br><font dir=\"auto\" style=\"vertical-align: inherit;\"><font dir=\"auto\" style=\"vertical-align: inherit;\">Plus grave encore, l&#8217;espace informationnel ainsi laiss\u00e9 vacant par nos m\u00e9dias constitue une aubaine pour les organes de presse \u00e9trangers, qui ne se font pas prier pour saturer nos entendements de narratifs tant\u00f4t sombres, tant\u00f4t sulfureux, dans le seul mais de pousser les camerounais que nous sommes, \u00e0 d\u00e9sesp\u00e9rer de la fin des violences arm\u00e9es. Un soft power de la d\u00e9moralisation qui plus que toute autre contrainte, agira notre. <\/font><\/font><br><br><font dir=\"auto\" style=\"vertical-align: inherit;\"><font dir=\"auto\" style=\"vertical-align: inherit;\">Qui peut accepter \u00e7\u00e0 ??? <\/font><\/font><br><br><font dir=\"auto\" style=\"vertical-align: inherit;\"><font dir=\"auto\" style=\"vertical-align: inherit;\">Les Sachons restent vigilants !!! <\/font><\/font><br><font dir=\"auto\" style=\"vertical-align: inherit;\"><font dir=\"auto\" style=\"vertical-align: inherit;\">Les Sachons restent d\u00e9finitivement patriotes !!!<\/font><\/font><\/p>\n","protected":false},"excerpt":{"rendered":"<p>C&#8217;est peu dire que l&#8217;irruption de la violence arm\u00e9e dans nos r\u00e9gions administratives du Nord-Ouest et du Sud-Ouest avait fait l&#8217;actualit\u00e9. C&#8217;\u00e9tait l&#8217;actualit\u00e9, et en parler \u00e9tait d&#8217;actualit\u00e9. Les unes des journaux, les antennes de radio, les plateaux t\u00e9l\u00e9 foisonnaient d&#8217;articles, de d\u00e9bats et autres reportages tous focalis\u00e9s sur le sujet. Occasions pour les citoyens<\/p>\n","protected":false},"author":1,"featured_media":0,"comment_status":"open","ping_status":"open","sticky":false,"template":"","format":"standard","meta":{"footnotes":""},"categories":[1],"tags":[],"class_list":["post-1147","post","type-post","status-publish","format-standard","hentry","category-cameroun"],"yoast_head":"<!-- This site is optimized with the Yoast SEO plugin v25.5 - https:\/\/yoast.com\/wordpress\/plugins\/seo\/ -->\n<title>Reddition en flux continu des s\u00e9paratistes s\u00e9cessionnistes: silence pr\u00e9judiciable ou complice des medias??? - Tribune du Mbam<\/title>\n<meta name=\"robots\" content=\"index, follow, max-snippet:-1, max-image-preview:large, max-video-preview:-1\" \/>\n<link rel=\"canonical\" href=\"https:\/\/tribunedumbam.com\/?p=1147\" \/>\n<meta property=\"og:locale\" content=\"en_US\" \/>\n<meta property=\"og:type\" content=\"article\" \/>\n<meta property=\"og:title\" content=\"Reddition en flux continu des s\u00e9paratistes s\u00e9cessionnistes: silence pr\u00e9judiciable ou complice des medias??? - Tribune du Mbam\" \/>\n<meta property=\"og:description\" content=\"C&#8217;est peu dire que l&#8217;irruption de la violence arm\u00e9e dans nos r\u00e9gions administratives du Nord-Ouest et du Sud-Ouest avait fait l&#8217;actualit\u00e9. C&#8217;\u00e9tait l&#8217;actualit\u00e9, et en parler \u00e9tait d&#8217;actualit\u00e9. Les unes des journaux, les antennes de radio, les plateaux t\u00e9l\u00e9 foisonnaient d&#8217;articles, de d\u00e9bats et autres reportages tous focalis\u00e9s sur le sujet. Occasions pour les citoyens\" \/>\n<meta property=\"og:url\" content=\"https:\/\/tribunedumbam.com\/?p=1147\" \/>\n<meta property=\"og:site_name\" content=\"Tribune du Mbam\" \/>\n<meta property=\"article:published_time\" content=\"2026-05-03T12:08:26+00:00\" \/>\n<meta property=\"article:modified_time\" content=\"2026-05-03T12:08:27+00:00\" \/>\n<meta property=\"og:image\" content=\"https:\/\/tribunedumbam.com\/wp-content\/uploads\/2025\/10\/IMG-20251005-WA0250.jpg\" \/>\n\t<meta property=\"og:image:width\" content=\"720\" \/>\n\t<meta property=\"og:image:height\" content=\"912\" \/>\n\t<meta property=\"og:image:type\" content=\"image\/jpeg\" \/>\n<meta name=\"author\" content=\"admin\" \/>\n<meta name=\"twitter:card\" content=\"summary_large_image\" \/>\n<meta name=\"twitter:label1\" content=\"Written by\" \/>\n\t<meta name=\"twitter:data1\" content=\"admin\" \/>\n\t<meta name=\"twitter:label2\" content=\"Est. reading time\" \/>\n\t<meta name=\"twitter:data2\" content=\"3 minutes\" \/>\n<script type=\"application\/ld+json\" class=\"yoast-schema-graph\">{\"@context\":\"https:\/\/schema.org\",\"@graph\":[{\"@type\":\"Article\",\"@id\":\"https:\/\/tribunedumbam.com\/?p=1147#article\",\"isPartOf\":{\"@id\":\"https:\/\/tribunedumbam.com\/?p=1147\"},\"author\":{\"name\":\"admin\",\"@id\":\"https:\/\/tribunedumbam.com\/#\/schema\/person\/c652b24abbab29cc36ac124801845aac\"},\"headline\":\"Reddition en flux continu des s\u00e9paratistes s\u00e9cessionnistes: silence pr\u00e9judiciable ou complice des medias???\",\"datePublished\":\"2026-05-03T12:08:26+00:00\",\"dateModified\":\"2026-05-03T12:08:27+00:00\",\"mainEntityOfPage\":{\"@id\":\"https:\/\/tribunedumbam.com\/?p=1147\"},\"wordCount\":638,\"commentCount\":0,\"publisher\":{\"@id\":\"https:\/\/tribunedumbam.com\/#organization\"},\"image\":{\"@id\":\"https:\/\/tribunedumbam.com\/?p=1147#primaryimage\"},\"thumbnailUrl\":\"https:\/\/tribunedumbam.com\/wp-content\/uploads\/2025\/10\/IMG-20251005-WA0250.jpg\",\"articleSection\":[\"Cameroun\"],\"inLanguage\":\"en-US\",\"potentialAction\":[{\"@type\":\"CommentAction\",\"name\":\"Comment\",\"target\":[\"https:\/\/tribunedumbam.com\/?p=1147#respond\"]}]},{\"@type\":\"WebPage\",\"@id\":\"https:\/\/tribunedumbam.com\/?p=1147\",\"url\":\"https:\/\/tribunedumbam.com\/?p=1147\",\"name\":\"Reddition en flux continu des s\u00e9paratistes s\u00e9cessionnistes: silence pr\u00e9judiciable ou complice des medias??? - Tribune du Mbam\",\"isPartOf\":{\"@id\":\"https:\/\/tribunedumbam.com\/#website\"},\"primaryImageOfPage\":{\"@id\":\"https:\/\/tribunedumbam.com\/?p=1147#primaryimage\"},\"image\":{\"@id\":\"https:\/\/tribunedumbam.com\/?p=1147#primaryimage\"},\"thumbnailUrl\":\"https:\/\/tribunedumbam.com\/wp-content\/uploads\/2025\/10\/IMG-20251005-WA0250.jpg\",\"datePublished\":\"2026-05-03T12:08:26+00:00\",\"dateModified\":\"2026-05-03T12:08:27+00:00\",\"breadcrumb\":{\"@id\":\"https:\/\/tribunedumbam.com\/?p=1147#breadcrumb\"},\"inLanguage\":\"en-US\",\"potentialAction\":[{\"@type\":\"ReadAction\",\"target\":[\"https:\/\/tribunedumbam.com\/?p=1147\"]}]},{\"@type\":\"ImageObject\",\"inLanguage\":\"en-US\",\"@id\":\"https:\/\/tribunedumbam.com\/?p=1147#primaryimage\",\"url\":\"https:\/\/tribunedumbam.com\/wp-content\/uploads\/2025\/10\/IMG-20251005-WA0250.jpg\",\"contentUrl\":\"https:\/\/tribunedumbam.com\/wp-content\/uploads\/2025\/10\/IMG-20251005-WA0250.jpg\",\"width\":720,\"height\":912},{\"@type\":\"BreadcrumbList\",\"@id\":\"https:\/\/tribunedumbam.com\/?p=1147#breadcrumb\",\"itemListElement\":[{\"@type\":\"ListItem\",\"position\":1,\"name\":\"Home\",\"item\":\"https:\/\/tribunedumbam.com\/\"},{\"@type\":\"ListItem\",\"position\":2,\"name\":\"Reddition en flux continu des s\u00e9paratistes s\u00e9cessionnistes: silence pr\u00e9judiciable ou complice des medias???\"}]},{\"@type\":\"WebSite\",\"@id\":\"https:\/\/tribunedumbam.com\/#website\",\"url\":\"https:\/\/tribunedumbam.com\/\",\"name\":\"Tribune du Mbam\",\"description\":\"\",\"publisher\":{\"@id\":\"https:\/\/tribunedumbam.com\/#organization\"},\"potentialAction\":[{\"@type\":\"SearchAction\",\"target\":{\"@type\":\"EntryPoint\",\"urlTemplate\":\"https:\/\/tribunedumbam.com\/?s={search_term_string}\"},\"query-input\":{\"@type\":\"PropertyValueSpecification\",\"valueRequired\":true,\"valueName\":\"search_term_string\"}}],\"inLanguage\":\"en-US\"},{\"@type\":\"Organization\",\"@id\":\"https:\/\/tribunedumbam.com\/#organization\",\"name\":\"Tribune du Mbam\",\"url\":\"https:\/\/tribunedumbam.com\/\",\"logo\":{\"@type\":\"ImageObject\",\"inLanguage\":\"en-US\",\"@id\":\"https:\/\/tribunedumbam.com\/#\/schema\/logo\/image\/\",\"url\":\"https:\/\/tribunedumbam.com\/wp-content\/uploads\/2025\/07\/cropped-cropped-cropped-logo-tribune-du-mbam.jpg\",\"contentUrl\":\"https:\/\/tribunedumbam.com\/wp-content\/uploads\/2025\/07\/cropped-cropped-cropped-logo-tribune-du-mbam.jpg\",\"width\":994,\"height\":811,\"caption\":\"Tribune du Mbam\"},\"image\":{\"@id\":\"https:\/\/tribunedumbam.com\/#\/schema\/logo\/image\/\"}},{\"@type\":\"Person\",\"@id\":\"https:\/\/tribunedumbam.com\/#\/schema\/person\/c652b24abbab29cc36ac124801845aac\",\"name\":\"admin\",\"image\":{\"@type\":\"ImageObject\",\"inLanguage\":\"en-US\",\"@id\":\"https:\/\/tribunedumbam.com\/#\/schema\/person\/image\/\",\"url\":\"https:\/\/secure.gravatar.com\/avatar\/e55242d19210b21d64163e676c458838ca47bf0e563e118e5531c65e59e554cd?s=96&d=mm&r=g\",\"contentUrl\":\"https:\/\/secure.gravatar.com\/avatar\/e55242d19210b21d64163e676c458838ca47bf0e563e118e5531c65e59e554cd?s=96&d=mm&r=g\",\"caption\":\"admin\"},\"sameAs\":[\"https:\/\/tribunedumbam.com\"],\"url\":\"https:\/\/tribunedumbam.com\/?author=1\"}]}<\/script>\n<!-- \/ Yoast SEO plugin. -->","yoast_head_json":{"title":"Reddition en flux continu des s\u00e9paratistes s\u00e9cessionnistes: silence pr\u00e9judiciable ou complice des medias??? - Tribune du Mbam","robots":{"index":"index","follow":"follow","max-snippet":"max-snippet:-1","max-image-preview":"max-image-preview:large","max-video-preview":"max-video-preview:-1"},"canonical":"https:\/\/tribunedumbam.com\/?p=1147","og_locale":"en_US","og_type":"article","og_title":"Reddition en flux continu des s\u00e9paratistes s\u00e9cessionnistes: silence pr\u00e9judiciable ou complice des medias??? - Tribune du Mbam","og_description":"C&#8217;est peu dire que l&#8217;irruption de la violence arm\u00e9e dans nos r\u00e9gions administratives du Nord-Ouest et du Sud-Ouest avait fait l&#8217;actualit\u00e9. C&#8217;\u00e9tait l&#8217;actualit\u00e9, et en parler \u00e9tait d&#8217;actualit\u00e9. Les unes des journaux, les antennes de radio, les plateaux t\u00e9l\u00e9 foisonnaient d&#8217;articles, de d\u00e9bats et autres reportages tous focalis\u00e9s sur le sujet. Occasions pour les citoyens","og_url":"https:\/\/tribunedumbam.com\/?p=1147","og_site_name":"Tribune du Mbam","article_published_time":"2026-05-03T12:08:26+00:00","article_modified_time":"2026-05-03T12:08:27+00:00","og_image":[{"width":720,"height":912,"url":"https:\/\/tribunedumbam.com\/wp-content\/uploads\/2025\/10\/IMG-20251005-WA0250.jpg","type":"image\/jpeg"}],"author":"admin","twitter_card":"summary_large_image","twitter_misc":{"Written by":"admin","Est. reading time":"3 minutes"},"schema":{"@context":"https:\/\/schema.org","@graph":[{"@type":"Article","@id":"https:\/\/tribunedumbam.com\/?p=1147#article","isPartOf":{"@id":"https:\/\/tribunedumbam.com\/?p=1147"},"author":{"name":"admin","@id":"https:\/\/tribunedumbam.com\/#\/schema\/person\/c652b24abbab29cc36ac124801845aac"},"headline":"Reddition en flux continu des s\u00e9paratistes s\u00e9cessionnistes: silence pr\u00e9judiciable ou complice des medias???","datePublished":"2026-05-03T12:08:26+00:00","dateModified":"2026-05-03T12:08:27+00:00","mainEntityOfPage":{"@id":"https:\/\/tribunedumbam.com\/?p=1147"},"wordCount":638,"commentCount":0,"publisher":{"@id":"https:\/\/tribunedumbam.com\/#organization"},"image":{"@id":"https:\/\/tribunedumbam.com\/?p=1147#primaryimage"},"thumbnailUrl":"https:\/\/tribunedumbam.com\/wp-content\/uploads\/2025\/10\/IMG-20251005-WA0250.jpg","articleSection":["Cameroun"],"inLanguage":"en-US","potentialAction":[{"@type":"CommentAction","name":"Comment","target":["https:\/\/tribunedumbam.com\/?p=1147#respond"]}]},{"@type":"WebPage","@id":"https:\/\/tribunedumbam.com\/?p=1147","url":"https:\/\/tribunedumbam.com\/?p=1147","name":"Reddition en flux continu des s\u00e9paratistes s\u00e9cessionnistes: silence pr\u00e9judiciable ou complice des medias??? - Tribune du Mbam","isPartOf":{"@id":"https:\/\/tribunedumbam.com\/#website"},"primaryImageOfPage":{"@id":"https:\/\/tribunedumbam.com\/?p=1147#primaryimage"},"image":{"@id":"https:\/\/tribunedumbam.com\/?p=1147#primaryimage"},"thumbnailUrl":"https:\/\/tribunedumbam.com\/wp-content\/uploads\/2025\/10\/IMG-20251005-WA0250.jpg","datePublished":"2026-05-03T12:08:26+00:00","dateModified":"2026-05-03T12:08:27+00:00","breadcrumb":{"@id":"https:\/\/tribunedumbam.com\/?p=1147#breadcrumb"},"inLanguage":"en-US","potentialAction":[{"@type":"ReadAction","target":["https:\/\/tribunedumbam.com\/?p=1147"]}]},{"@type":"ImageObject","inLanguage":"en-US","@id":"https:\/\/tribunedumbam.com\/?p=1147#primaryimage","url":"https:\/\/tribunedumbam.com\/wp-content\/uploads\/2025\/10\/IMG-20251005-WA0250.jpg","contentUrl":"https:\/\/tribunedumbam.com\/wp-content\/uploads\/2025\/10\/IMG-20251005-WA0250.jpg","width":720,"height":912},{"@type":"BreadcrumbList","@id":"https:\/\/tribunedumbam.com\/?p=1147#breadcrumb","itemListElement":[{"@type":"ListItem","position":1,"name":"Home","item":"https:\/\/tribunedumbam.com\/"},{"@type":"ListItem","position":2,"name":"Reddition en flux continu des s\u00e9paratistes s\u00e9cessionnistes: silence pr\u00e9judiciable ou complice des medias???"}]},{"@type":"WebSite","@id":"https:\/\/tribunedumbam.com\/#website","url":"https:\/\/tribunedumbam.com\/","name":"Tribune du Mbam","description":"","publisher":{"@id":"https:\/\/tribunedumbam.com\/#organization"},"potentialAction":[{"@type":"SearchAction","target":{"@type":"EntryPoint","urlTemplate":"https:\/\/tribunedumbam.com\/?s={search_term_string}"},"query-input":{"@type":"PropertyValueSpecification","valueRequired":true,"valueName":"search_term_string"}}],"inLanguage":"en-US"},{"@type":"Organization","@id":"https:\/\/tribunedumbam.com\/#organization","name":"Tribune du Mbam","url":"https:\/\/tribunedumbam.com\/","logo":{"@type":"ImageObject","inLanguage":"en-US","@id":"https:\/\/tribunedumbam.com\/#\/schema\/logo\/image\/","url":"https:\/\/tribunedumbam.com\/wp-content\/uploads\/2025\/07\/cropped-cropped-cropped-logo-tribune-du-mbam.jpg","contentUrl":"https:\/\/tribunedumbam.com\/wp-content\/uploads\/2025\/07\/cropped-cropped-cropped-logo-tribune-du-mbam.jpg","width":994,"height":811,"caption":"Tribune du Mbam"},"image":{"@id":"https:\/\/tribunedumbam.com\/#\/schema\/logo\/image\/"}},{"@type":"Person","@id":"https:\/\/tribunedumbam.com\/#\/schema\/person\/c652b24abbab29cc36ac124801845aac","name":"admin","image":{"@type":"ImageObject","inLanguage":"en-US","@id":"https:\/\/tribunedumbam.com\/#\/schema\/person\/image\/","url":"https:\/\/secure.gravatar.com\/avatar\/e55242d19210b21d64163e676c458838ca47bf0e563e118e5531c65e59e554cd?s=96&d=mm&r=g","contentUrl":"https:\/\/secure.gravatar.com\/avatar\/e55242d19210b21d64163e676c458838ca47bf0e563e118e5531c65e59e554cd?s=96&d=mm&r=g","caption":"admin"},"sameAs":["https:\/\/tribunedumbam.com"],"url":"https:\/\/tribunedumbam.com\/?author=1"}]}},"_links":{"self":[{"href":"https:\/\/tribunedumbam.com\/index.php?rest_route=\/wp\/v2\/posts\/1147","targetHints":{"allow":["GET"]}}],"collection":[{"href":"https:\/\/tribunedumbam.com\/index.php?rest_route=\/wp\/v2\/posts"}],"about":[{"href":"https:\/\/tribunedumbam.com\/index.php?rest_route=\/wp\/v2\/types\/post"}],"author":[{"embeddable":true,"href":"https:\/\/tribunedumbam.com\/index.php?rest_route=\/wp\/v2\/users\/1"}],"replies":[{"embeddable":true,"href":"https:\/\/tribunedumbam.com\/index.php?rest_route=%2Fwp%2Fv2%2Fcomments&post=1147"}],"version-history":[{"count":2,"href":"https:\/\/tribunedumbam.com\/index.php?rest_route=\/wp\/v2\/posts\/1147\/revisions"}],"predecessor-version":[{"id":1152,"href":"https:\/\/tribunedumbam.com\/index.php?rest_route=\/wp\/v2\/posts\/1147\/revisions\/1152"}],"wp:attachment":[{"href":"https:\/\/tribunedumbam.com\/index.php?rest_route=%2Fwp%2Fv2%2Fmedia&parent=1147"}],"wp:term":[{"taxonomy":"category","embeddable":true,"href":"https:\/\/tribunedumbam.com\/index.php?rest_route=%2Fwp%2Fv2%2Fcategories&post=1147"},{"taxonomy":"post_tag","embeddable":true,"href":"https:\/\/tribunedumbam.com\/index.php?rest_route=%2Fwp%2Fv2%2Ftags&post=1147"}],"curies":[{"name":"wp","href":"https:\/\/api.w.org\/{rel}","templated":true}]}}